{"id":8196,"date":"2022-11-08T19:00:23","date_gmt":"2022-11-08T17:00:23","guid":{"rendered":"https:\/\/www.canviemmontmelo.cat\/2022\/11\/propuestas-de-canviem-montmelo-para-las-ordenanzas-fiscales-2023\/"},"modified":"2023-05-01T13:49:46","modified_gmt":"2023-05-01T11:49:46","slug":"propuestas-de-canviem-montmelo-para-las-ordenanzas-fiscales-2023","status":"publish","type":"post","link":"https:\/\/www.canviemmontmelo.cat\/es\/2022\/11\/propuestas-de-canviem-montmelo-para-las-ordenanzas-fiscales-2023\/","title":{"rendered":"Propuestas de Canviem Montmel\u00f3 para las Ordenanzas Fiscales 2023"},"content":{"rendered":"\t\t<div data-elementor-type=\"wp-post\" data-elementor-id=\"8196\" class=\"elementor elementor-8196 elementor-5016\" data-elementor-post-type=\"post\">\n\t\t\t\t\t\t<section class=\"elementor-section elementor-top-section elementor-element elementor-element-74ef3481 elementor-section-boxed elementor-section-height-default elementor-section-height-default\" data-id=\"74ef3481\" data-element_type=\"section\" data-e-type=\"section\">\n\t\t\t\t\t\t<div class=\"elementor-container elementor-column-gap-default\">\n\t\t\t\t\t<div class=\"elementor-column elementor-col-100 elementor-top-column elementor-element elementor-element-36b97bc3\" data-id=\"36b97bc3\" data-element_type=\"column\" data-e-type=\"column\">\n\t\t\t<div class=\"elementor-widget-wrap elementor-element-populated\">\n\t\t\t\t\t\t<div class=\"elementor-element elementor-element-6ede0d39 elementor-widget elementor-widget-text-editor\" data-id=\"6ede0d39\" data-element_type=\"widget\" data-e-type=\"widget\" data-widget_type=\"text-editor.default\">\n\t\t\t\t<div class=\"elementor-widget-container\">\n\t\t\t\t\t\t\t\t\t<p><\/p>\n<p><a href=\"https:\/\/www.instagram.com\/reel\/Ckgi6TZIM7e\/?utm_source=ig_web_copy_link\">https:\/\/www.instagram.com\/reel\/Ckgi6TZIM7e\/?utm_source=ig_web_copy_link<\/a> = final de la intervenci\u00f3n de nuestro portavoz, Marcel Comas, sobre las Ordenanzas Fiscales aprobadas en el pasado <a href=\"https:\/\/videoacta.montmelo.cat\/session\/sessionDetail\/8a8080848345a8a60183f550aa2e0061\" target=\"_blank\" rel=\"noreferrer noopener\">Pleno Municipal<\/a>.<\/p>\n<p><\/p>\n<p><\/p>\n<p>Desde <a href=\"https:\/\/www.facebook.com\/canviemmontmelo?__cft__%5B0%5D=AZVIzCjFgtDn1biZ65jhkFgMl5kvYyjhNR_jz32P9LA5rGFqITqEvFLetvrKCA8sV69CpaOlkQB0ciEoTh37w0ABO_sLtt00somHvlY4ymoE-SrmVb201Jbh9djwfeAErQ9aIGATiS5-5jC0VDFxnWgAUj1aVg9gP6elMDR5QhV0VaZXLETH94Yy93ELnEUjYuE&amp;__tn__=-%5DK-R\">Canviem Montmel\u00f3<\/a> hemos hecho varias propuestas, que el gobierno municipal no ha querido negociar ni debatir. Creemos que hace falta m\u00e1s sensibilidad social<img decoding=\"async\" data-src=\"https:\/\/static.xx.fbcdn.net\/images\/emoji.php\/v9\/t8b\/1\/16\/1f465.png\" alt=\"\ud83d\udc65\" width=\"16\" height=\"16\" src=\"data:image\/svg+xml;base64,PHN2ZyB3aWR0aD0iMSIgaGVpZ2h0PSIxIiB4bWxucz0iaHR0cDovL3d3dy53My5vcmcvMjAwMC9zdmciPjwvc3ZnPg==\" class=\"lazyload\" style=\"--smush-placeholder-width: 16px; --smush-placeholder-aspect-ratio: 16\/16;\"> y ambiental<img decoding=\"async\" data-src=\"https:\/\/static.xx.fbcdn.net\/images\/emoji.php\/v9\/t6b\/1\/16\/1f333.png\" alt=\"\ud83c\udf33\" width=\"16\" height=\"16\" src=\"data:image\/svg+xml;base64,PHN2ZyB3aWR0aD0iMSIgaGVpZ2h0PSIxIiB4bWxucz0iaHR0cDovL3d3dy53My5vcmcvMjAwMC9zdmciPjwvc3ZnPg==\" class=\"lazyload\" style=\"--smush-placeholder-width: 16px; --smush-placeholder-aspect-ratio: 16\/16;\"> en estas ordenanzas y por eso las votamos en contra<img decoding=\"async\" data-src=\"https:\/\/static.xx.fbcdn.net\/images\/emoji.php\/v9\/tdd\/1\/16\/274c.png\" alt=\"\u274c\" width=\"16\" height=\"16\" src=\"data:image\/svg+xml;base64,PHN2ZyB3aWR0aD0iMSIgaGVpZ2h0PSIxIiB4bWxucz0iaHR0cDovL3d3dy53My5vcmcvMjAwMC9zdmciPjwvc3ZnPg==\" class=\"lazyload\" style=\"--smush-placeholder-width: 16px; --smush-placeholder-aspect-ratio: 16\/16;\">. A\u00fan as\u00ed seguiremos propositivos para mejorar la vida de la gente trabajadora de Montmel\u00f3.<img decoding=\"async\" data-src=\"https:\/\/static.xx.fbcdn.net\/images\/emoji.php\/v9\/t9c\/1\/16\/270a_1f3fd.png\" alt=\"\u270a\ud83c\udffd\" width=\"16\" height=\"16\" src=\"data:image\/svg+xml;base64,PHN2ZyB3aWR0aD0iMSIgaGVpZ2h0PSIxIiB4bWxucz0iaHR0cDovL3d3dy53My5vcmcvMjAwMC9zdmciPjwvc3ZnPg==\" class=\"lazyload\" style=\"--smush-placeholder-width: 16px; --smush-placeholder-aspect-ratio: 16\/16;\"><\/p>\n<figure class=\"wp-block-image size-large\"><\/figure>\n<p><\/p>\n<p><\/p>\n<figure class=\"wp-block-image size-large\"><img decoding=\"async\" class=\"wp-image-5018 lazyload\" data-src=\"https:\/\/www.canviemmontmelo.cat\/wp-content\/uploads\/2022\/11\/off_22_1-1024x1024.jpg\" alt=\"\" src=\"data:image\/svg+xml;base64,PHN2ZyB3aWR0aD0iMSIgaGVpZ2h0PSIxIiB4bWxucz0iaHR0cDovL3d3dy53My5vcmcvMjAwMC9zdmciPjwvc3ZnPg==\" style=\"--smush-placeholder-width: 1024px; --smush-placeholder-aspect-ratio: 1024\/1024;\"><\/figure>\n<p><\/p>\n<p><\/p>\n<figure class=\"wp-block-image size-large\"><img decoding=\"async\" class=\"wp-image-5019 lazyload\" data-src=\"https:\/\/www.canviemmontmelo.cat\/wp-content\/uploads\/2022\/11\/off_22_2-1024x1024.jpg\" alt=\"\" src=\"data:image\/svg+xml;base64,PHN2ZyB3aWR0aD0iMSIgaGVpZ2h0PSIxIiB4bWxucz0iaHR0cDovL3d3dy53My5vcmcvMjAwMC9zdmciPjwvc3ZnPg==\" style=\"--smush-placeholder-width: 1024px; --smush-placeholder-aspect-ratio: 1024\/1024;\"><\/figure>\n<p><\/p>\n<p><\/p>\n<figure class=\"wp-block-image size-large\"><img decoding=\"async\" class=\"wp-image-5020 lazyload\" data-src=\"https:\/\/www.canviemmontmelo.cat\/wp-content\/uploads\/2022\/11\/off_22_3-1024x1024.jpg\" alt=\"\" src=\"data:image\/svg+xml;base64,PHN2ZyB3aWR0aD0iMSIgaGVpZ2h0PSIxIiB4bWxucz0iaHR0cDovL3d3dy53My5vcmcvMjAwMC9zdmciPjwvc3ZnPg==\" style=\"--smush-placeholder-width: 1024px; --smush-placeholder-aspect-ratio: 1024\/1024;\"><\/figure>\n<p><\/p>\n<p><\/p>\n<figure class=\"wp-block-image size-large\"><img decoding=\"async\" class=\"wp-image-5021 lazyload\" data-src=\"https:\/\/www.canviemmontmelo.cat\/wp-content\/uploads\/2022\/11\/off_22_4-1024x1024.jpg\" alt=\"\" src=\"data:image\/svg+xml;base64,PHN2ZyB3aWR0aD0iMSIgaGVpZ2h0PSIxIiB4bWxucz0iaHR0cDovL3d3dy53My5vcmcvMjAwMC9zdmciPjwvc3ZnPg==\" style=\"--smush-placeholder-width: 1024px; --smush-placeholder-aspect-ratio: 1024\/1024;\"><\/figure>\n<p><\/p>\n<p><\/p>\n<figure class=\"wp-block-image size-large\"><img decoding=\"async\" class=\"wp-image-5022 lazyload\" data-src=\"https:\/\/www.canviemmontmelo.cat\/wp-content\/uploads\/2022\/11\/off_22_5-1024x1024.jpg\" alt=\"\" src=\"data:image\/svg+xml;base64,PHN2ZyB3aWR0aD0iMSIgaGVpZ2h0PSIxIiB4bWxucz0iaHR0cDovL3d3dy53My5vcmcvMjAwMC9zdmciPjwvc3ZnPg==\" style=\"--smush-placeholder-width: 1024px; --smush-placeholder-aspect-ratio: 1024\/1024;\"><\/figure>\n<p><\/p>\n<p><\/p>\n<figure class=\"wp-block-image size-large\"><img decoding=\"async\" class=\"wp-image-5023 lazyload\" data-src=\"https:\/\/www.canviemmontmelo.cat\/wp-content\/uploads\/2022\/11\/off_22_6-1024x1024.jpg\" alt=\"\" src=\"data:image\/svg+xml;base64,PHN2ZyB3aWR0aD0iMSIgaGVpZ2h0PSIxIiB4bWxucz0iaHR0cDovL3d3dy53My5vcmcvMjAwMC9zdmciPjwvc3ZnPg==\" style=\"--smush-placeholder-width: 1024px; --smush-placeholder-aspect-ratio: 1024\/1024;\"><\/figure>\n<p><\/p>\n<p><\/p>\n<figure class=\"wp-block-image size-large\"><img decoding=\"async\" class=\"wp-image-5024 lazyload\" data-src=\"https:\/\/www.canviemmontmelo.cat\/wp-content\/uploads\/2022\/11\/off_22_7-1024x1024.jpg\" alt=\"\" src=\"data:image\/svg+xml;base64,PHN2ZyB3aWR0aD0iMSIgaGVpZ2h0PSIxIiB4bWxucz0iaHR0cDovL3d3dy53My5vcmcvMjAwMC9zdmciPjwvc3ZnPg==\" style=\"--smush-placeholder-width: 1024px; --smush-placeholder-aspect-ratio: 1024\/1024;\"><\/figure>\n<p><\/p>\n<p><\/p>\n<figure class=\"wp-block-image size-large\"><img decoding=\"async\" class=\"wp-image-5025 lazyload\" data-src=\"https:\/\/www.canviemmontmelo.cat\/wp-content\/uploads\/2022\/11\/off_22_8-1024x1024.jpg\" alt=\"\" src=\"data:image\/svg+xml;base64,PHN2ZyB3aWR0aD0iMSIgaGVpZ2h0PSIxIiB4bWxucz0iaHR0cDovL3d3dy53My5vcmcvMjAwMC9zdmciPjwvc3ZnPg==\" style=\"--smush-placeholder-width: 1024px; --smush-placeholder-aspect-ratio: 1024\/1024;\"><\/figure>\n<p><\/p>\n<p><\/p>\n<figure class=\"wp-block-image size-large\"><img decoding=\"async\" class=\"wp-image-5026 lazyload\" data-src=\"https:\/\/www.canviemmontmelo.cat\/wp-content\/uploads\/2022\/11\/off_22_9-1024x1024.jpg\" alt=\"\" src=\"data:image\/svg+xml;base64,PHN2ZyB3aWR0aD0iMSIgaGVpZ2h0PSIxIiB4bWxucz0iaHR0cDovL3d3dy53My5vcmcvMjAwMC9zdmciPjwvc3ZnPg==\" style=\"--smush-placeholder-width: 1024px; --smush-placeholder-aspect-ratio: 1024\/1024;\"><\/figure>\n<p><\/p>\t\t\t\t\t\t\t\t<\/div>\n\t\t\t\t<\/div>\n\t\t\t\t\t<\/div>\n\t\t<\/div>\n\t\t\t\t\t<\/div>\n\t\t<\/section>\n\t\t\t\t<\/div>\n\t\t","protected":false},"excerpt":{"rendered":"<p>https:\/\/www.instagram.com\/reel\/Ckgi6TZIM7e\/?utm_source=ig_web_copy_link = final de la intervenci\u00f3n de nuestro portavoz, Marcel Comas, sobre las Ordenanzas Fiscales aprobadas en el pasado Pleno Municipal. Desde Canviem Montmel\u00f3 hemos hecho varias propuestas, que el gobierno municipal no ha querido negociar ni debatir. Creemos que hace falta m\u00e1s sensibilidad social y ambiental en estas ordenanzas y por eso las votamos&hellip;<\/p>\n","protected":false},"author":2,"featured_media":7806,"comment_status":"closed","ping_status":"closed","sticky":false,"template":"","format":"standard","meta":{"footnotes":""},"categories":[251],"tags":[283,257,299],"class_list":["post-8196","post","type-post","status-publish","format-standard","has-post-thumbnail","hentry","category-noticias","tag-economia-es","tag-montmelo-es","tag-ordenanzas-fiscales"],"yoast_head":"<!-- This site is optimized with the Yoast SEO plugin v27.2 - https:\/\/yoast.com\/product\/yoast-seo-wordpress\/ -->\n<title>Propuestas de Canviem Montmel\u00f3 para las Ordenanzas Fiscales 2023 - Canviem Montmel\u00f3<\/title>\n<meta name=\"robots\" content=\"index, follow, max-snippet:-1, max-image-preview:large, max-video-preview:-1\" \/>\n<link rel=\"canonical\" href=\"https:\/\/www.canviemmontmelo.cat\/es\/2022\/11\/propuestas-de-canviem-montmelo-para-las-ordenanzas-fiscales-2023\/\" \/>\n<meta property=\"og:locale\" content=\"es_ES\" \/>\n<meta property=\"og:type\" content=\"article\" \/>\n<meta property=\"og:title\" content=\"Propuestas de Canviem Montmel\u00f3 para las Ordenanzas Fiscales 2023 - Canviem Montmel\u00f3\" \/>\n<meta property=\"og:description\" content=\"https:\/\/www.instagram.com\/reel\/Ckgi6TZIM7e\/?utm_source=ig_web_copy_link = final de la intervenci\u00f3n de nuestro portavoz, Marcel Comas, sobre las Ordenanzas Fiscales aprobadas en el pasado Pleno Municipal. Desde Canviem Montmel\u00f3 hemos hecho varias propuestas, que el gobierno municipal no ha querido negociar ni debatir. Creemos que hace falta m\u00e1s sensibilidad social y ambiental en estas ordenanzas y por eso las votamos&hellip;\" \/>\n<meta property=\"og:url\" content=\"https:\/\/www.canviemmontmelo.cat\/es\/2022\/11\/propuestas-de-canviem-montmelo-para-las-ordenanzas-fiscales-2023\/\" \/>\n<meta property=\"og:site_name\" content=\"Canviem Montmel\u00f3\" \/>\n<meta property=\"article:author\" content=\"https:\/\/www.facebook.com\/canviemmontmelo\/\" \/>\n<meta property=\"article:published_time\" content=\"2022-11-08T17:00:23+00:00\" \/>\n<meta property=\"article:modified_time\" content=\"2023-05-01T11:49:46+00:00\" \/>\n<meta property=\"og:image\" content=\"https:\/\/www.canviemmontmelo.cat\/wp-content\/uploads\/2022\/11\/off_22_0-1024x1024-1.jpg\" \/>\n\t<meta property=\"og:image:width\" content=\"1024\" \/>\n\t<meta property=\"og:image:height\" content=\"1024\" \/>\n\t<meta property=\"og:image:type\" content=\"image\/jpeg\" \/>\n<meta name=\"author\" content=\"Canviem Montmel\u00f3\" \/>\n<meta name=\"twitter:card\" content=\"summary_large_image\" \/>\n<meta name=\"twitter:creator\" content=\"@canviemmontmelo\" \/>\n<meta name=\"twitter:label1\" content=\"Escrito por\" \/>\n\t<meta name=\"twitter:data1\" content=\"Canviem Montmel\u00f3\" \/>\n<script type=\"application\/ld+json\" class=\"yoast-schema-graph\">{\"@context\":\"https:\/\/schema.org\",\"@graph\":[{\"@type\":\"Article\",\"@id\":\"https:\/\/www.canviemmontmelo.cat\/es\/2022\/11\/propuestas-de-canviem-montmelo-para-las-ordenanzas-fiscales-2023\/#article\",\"isPartOf\":{\"@id\":\"https:\/\/www.canviemmontmelo.cat\/es\/2022\/11\/propuestas-de-canviem-montmelo-para-las-ordenanzas-fiscales-2023\/\"},\"author\":{\"name\":\"Canviem Montmel\u00f3\",\"@id\":\"https:\/\/www.canviemmontmelo.cat\/es\/#\/schema\/person\/848232ad9089fa4572dbb099a46b28f1\"},\"headline\":\"Propuestas de Canviem Montmel\u00f3 para las Ordenanzas Fiscales 2023\",\"datePublished\":\"2022-11-08T17:00:23+00:00\",\"dateModified\":\"2023-05-01T11:49:46+00:00\",\"mainEntityOfPage\":{\"@id\":\"https:\/\/www.canviemmontmelo.cat\/es\/2022\/11\/propuestas-de-canviem-montmelo-para-las-ordenanzas-fiscales-2023\/\"},\"wordCount\":94,\"publisher\":{\"@id\":\"https:\/\/www.canviemmontmelo.cat\/es\/#organization\"},\"image\":{\"@id\":\"https:\/\/www.canviemmontmelo.cat\/es\/2022\/11\/propuestas-de-canviem-montmelo-para-las-ordenanzas-fiscales-2023\/#primaryimage\"},\"thumbnailUrl\":\"https:\/\/www.canviemmontmelo.cat\/wp-content\/uploads\/2022\/11\/off_22_0-1024x1024-1.jpg\",\"keywords\":[\"economia\",\"Montmel\u00f3\",\"Ordenanzas fiscales\"],\"articleSection\":[\"Noticias\"],\"inLanguage\":\"es\"},{\"@type\":\"WebPage\",\"@id\":\"https:\/\/www.canviemmontmelo.cat\/es\/2022\/11\/propuestas-de-canviem-montmelo-para-las-ordenanzas-fiscales-2023\/\",\"url\":\"https:\/\/www.canviemmontmelo.cat\/es\/2022\/11\/propuestas-de-canviem-montmelo-para-las-ordenanzas-fiscales-2023\/\",\"name\":\"Propuestas de Canviem Montmel\u00f3 para las Ordenanzas Fiscales 2023 - Canviem Montmel\u00f3\",\"isPartOf\":{\"@id\":\"https:\/\/www.canviemmontmelo.cat\/es\/#website\"},\"primaryImageOfPage\":{\"@id\":\"https:\/\/www.canviemmontmelo.cat\/es\/2022\/11\/propuestas-de-canviem-montmelo-para-las-ordenanzas-fiscales-2023\/#primaryimage\"},\"image\":{\"@id\":\"https:\/\/www.canviemmontmelo.cat\/es\/2022\/11\/propuestas-de-canviem-montmelo-para-las-ordenanzas-fiscales-2023\/#primaryimage\"},\"thumbnailUrl\":\"https:\/\/www.canviemmontmelo.cat\/wp-content\/uploads\/2022\/11\/off_22_0-1024x1024-1.jpg\",\"datePublished\":\"2022-11-08T17:00:23+00:00\",\"dateModified\":\"2023-05-01T11:49:46+00:00\",\"breadcrumb\":{\"@id\":\"https:\/\/www.canviemmontmelo.cat\/es\/2022\/11\/propuestas-de-canviem-montmelo-para-las-ordenanzas-fiscales-2023\/#breadcrumb\"},\"inLanguage\":\"es\",\"potentialAction\":[{\"@type\":\"ReadAction\",\"target\":[\"https:\/\/www.canviemmontmelo.cat\/es\/2022\/11\/propuestas-de-canviem-montmelo-para-las-ordenanzas-fiscales-2023\/\"]}]},{\"@type\":\"ImageObject\",\"inLanguage\":\"es\",\"@id\":\"https:\/\/www.canviemmontmelo.cat\/es\/2022\/11\/propuestas-de-canviem-montmelo-para-las-ordenanzas-fiscales-2023\/#primaryimage\",\"url\":\"https:\/\/www.canviemmontmelo.cat\/wp-content\/uploads\/2022\/11\/off_22_0-1024x1024-1.jpg\",\"contentUrl\":\"https:\/\/www.canviemmontmelo.cat\/wp-content\/uploads\/2022\/11\/off_22_0-1024x1024-1.jpg\",\"width\":1024,\"height\":1024},{\"@type\":\"BreadcrumbList\",\"@id\":\"https:\/\/www.canviemmontmelo.cat\/es\/2022\/11\/propuestas-de-canviem-montmelo-para-las-ordenanzas-fiscales-2023\/#breadcrumb\",\"itemListElement\":[{\"@type\":\"ListItem\",\"position\":1,\"name\":\"Inici\",\"item\":\"https:\/\/www.canviemmontmelo.cat\/es\/\"},{\"@type\":\"ListItem\",\"position\":2,\"name\":\"Propuestas de Canviem Montmel\u00f3 para las Ordenanzas Fiscales 2023\"}]},{\"@type\":\"WebSite\",\"@id\":\"https:\/\/www.canviemmontmelo.cat\/es\/#website\",\"url\":\"https:\/\/www.canviemmontmelo.cat\/es\/\",\"name\":\"Canviem Montmel\u00f3\",\"description\":\"Som l\u2019alternativa d&#039;esquerres pel nostre poble\",\"publisher\":{\"@id\":\"https:\/\/www.canviemmontmelo.cat\/es\/#organization\"},\"potentialAction\":[{\"@type\":\"SearchAction\",\"target\":{\"@type\":\"EntryPoint\",\"urlTemplate\":\"https:\/\/www.canviemmontmelo.cat\/es\/?s={search_term_string}\"},\"query-input\":{\"@type\":\"PropertyValueSpecification\",\"valueRequired\":true,\"valueName\":\"search_term_string\"}}],\"inLanguage\":\"es\"},{\"@type\":\"Organization\",\"@id\":\"https:\/\/www.canviemmontmelo.cat\/es\/#organization\",\"name\":\"Canviem Montmel\u00f3\",\"url\":\"https:\/\/www.canviemmontmelo.cat\/es\/\",\"logo\":{\"@type\":\"ImageObject\",\"inLanguage\":\"es\",\"@id\":\"https:\/\/www.canviemmontmelo.cat\/es\/#\/schema\/logo\/image\/\",\"url\":\"https:\/\/www.canviemmontmelo.cat\/wp-content\/uploads\/2022\/06\/logo-CMo-Blanc.png\",\"contentUrl\":\"https:\/\/www.canviemmontmelo.cat\/wp-content\/uploads\/2022\/06\/logo-CMo-Blanc.png\",\"width\":307,\"height\":117,\"caption\":\"Canviem Montmel\u00f3\"},\"image\":{\"@id\":\"https:\/\/www.canviemmontmelo.cat\/es\/#\/schema\/logo\/image\/\"}},{\"@type\":\"Person\",\"@id\":\"https:\/\/www.canviemmontmelo.cat\/es\/#\/schema\/person\/848232ad9089fa4572dbb099a46b28f1\",\"name\":\"Canviem Montmel\u00f3\",\"image\":{\"@type\":\"ImageObject\",\"inLanguage\":\"es\",\"@id\":\"https:\/\/secure.gravatar.com\/avatar\/f4c040da101f9d74a86bbac0f2d4577041bbf4c0742b42d932f5d2b0c2bce5d2?s=96&d=mm&r=g\",\"url\":\"https:\/\/secure.gravatar.com\/avatar\/f4c040da101f9d74a86bbac0f2d4577041bbf4c0742b42d932f5d2b0c2bce5d2?s=96&d=mm&r=g\",\"contentUrl\":\"https:\/\/secure.gravatar.com\/avatar\/f4c040da101f9d74a86bbac0f2d4577041bbf4c0742b42d932f5d2b0c2bce5d2?s=96&d=mm&r=g\",\"caption\":\"Canviem Montmel\u00f3\"},\"sameAs\":[\"https:\/\/www.facebook.com\/canviemmontmelo\/\",\"https:\/\/www.instagram.com\/canviemmontmelo\/\",\"https:\/\/x.com\/canviemmontmelo\"],\"url\":\"https:\/\/www.canviemmontmelo.cat\/es\/author\/canviemmontmelo\/\"}]}<\/script>\n<!-- \/ Yoast SEO plugin. -->","yoast_head_json":{"title":"Propuestas de Canviem Montmel\u00f3 para las Ordenanzas Fiscales 2023 - Canviem Montmel\u00f3","robots":{"index":"index","follow":"follow","max-snippet":"max-snippet:-1","max-image-preview":"max-image-preview:large","max-video-preview":"max-video-preview:-1"},"canonical":"https:\/\/www.canviemmontmelo.cat\/es\/2022\/11\/propuestas-de-canviem-montmelo-para-las-ordenanzas-fiscales-2023\/","og_locale":"es_ES","og_type":"article","og_title":"Propuestas de Canviem Montmel\u00f3 para las Ordenanzas Fiscales 2023 - Canviem Montmel\u00f3","og_description":"https:\/\/www.instagram.com\/reel\/Ckgi6TZIM7e\/?utm_source=ig_web_copy_link = final de la intervenci\u00f3n de nuestro portavoz, Marcel Comas, sobre las Ordenanzas Fiscales aprobadas en el pasado Pleno Municipal. Desde Canviem Montmel\u00f3 hemos hecho varias propuestas, que el gobierno municipal no ha querido negociar ni debatir. Creemos que hace falta m\u00e1s sensibilidad social y ambiental en estas ordenanzas y por eso las votamos&hellip;","og_url":"https:\/\/www.canviemmontmelo.cat\/es\/2022\/11\/propuestas-de-canviem-montmelo-para-las-ordenanzas-fiscales-2023\/","og_site_name":"Canviem Montmel\u00f3","article_author":"https:\/\/www.facebook.com\/canviemmontmelo\/","article_published_time":"2022-11-08T17:00:23+00:00","article_modified_time":"2023-05-01T11:49:46+00:00","og_image":[{"width":1024,"height":1024,"url":"https:\/\/www.canviemmontmelo.cat\/wp-content\/uploads\/2022\/11\/off_22_0-1024x1024-1.jpg","type":"image\/jpeg"}],"author":"Canviem Montmel\u00f3","twitter_card":"summary_large_image","twitter_creator":"@canviemmontmelo","twitter_misc":{"Escrito por":"Canviem Montmel\u00f3"},"schema":{"@context":"https:\/\/schema.org","@graph":[{"@type":"Article","@id":"https:\/\/www.canviemmontmelo.cat\/es\/2022\/11\/propuestas-de-canviem-montmelo-para-las-ordenanzas-fiscales-2023\/#article","isPartOf":{"@id":"https:\/\/www.canviemmontmelo.cat\/es\/2022\/11\/propuestas-de-canviem-montmelo-para-las-ordenanzas-fiscales-2023\/"},"author":{"name":"Canviem Montmel\u00f3","@id":"https:\/\/www.canviemmontmelo.cat\/es\/#\/schema\/person\/848232ad9089fa4572dbb099a46b28f1"},"headline":"Propuestas de Canviem Montmel\u00f3 para las Ordenanzas Fiscales 2023","datePublished":"2022-11-08T17:00:23+00:00","dateModified":"2023-05-01T11:49:46+00:00","mainEntityOfPage":{"@id":"https:\/\/www.canviemmontmelo.cat\/es\/2022\/11\/propuestas-de-canviem-montmelo-para-las-ordenanzas-fiscales-2023\/"},"wordCount":94,"publisher":{"@id":"https:\/\/www.canviemmontmelo.cat\/es\/#organization"},"image":{"@id":"https:\/\/www.canviemmontmelo.cat\/es\/2022\/11\/propuestas-de-canviem-montmelo-para-las-ordenanzas-fiscales-2023\/#primaryimage"},"thumbnailUrl":"https:\/\/www.canviemmontmelo.cat\/wp-content\/uploads\/2022\/11\/off_22_0-1024x1024-1.jpg","keywords":["economia","Montmel\u00f3","Ordenanzas fiscales"],"articleSection":["Noticias"],"inLanguage":"es"},{"@type":"WebPage","@id":"https:\/\/www.canviemmontmelo.cat\/es\/2022\/11\/propuestas-de-canviem-montmelo-para-las-ordenanzas-fiscales-2023\/","url":"https:\/\/www.canviemmontmelo.cat\/es\/2022\/11\/propuestas-de-canviem-montmelo-para-las-ordenanzas-fiscales-2023\/","name":"Propuestas de Canviem Montmel\u00f3 para las Ordenanzas Fiscales 2023 - Canviem Montmel\u00f3","isPartOf":{"@id":"https:\/\/www.canviemmontmelo.cat\/es\/#website"},"primaryImageOfPage":{"@id":"https:\/\/www.canviemmontmelo.cat\/es\/2022\/11\/propuestas-de-canviem-montmelo-para-las-ordenanzas-fiscales-2023\/#primaryimage"},"image":{"@id":"https:\/\/www.canviemmontmelo.cat\/es\/2022\/11\/propuestas-de-canviem-montmelo-para-las-ordenanzas-fiscales-2023\/#primaryimage"},"thumbnailUrl":"https:\/\/www.canviemmontmelo.cat\/wp-content\/uploads\/2022\/11\/off_22_0-1024x1024-1.jpg","datePublished":"2022-11-08T17:00:23+00:00","dateModified":"2023-05-01T11:49:46+00:00","breadcrumb":{"@id":"https:\/\/www.canviemmontmelo.cat\/es\/2022\/11\/propuestas-de-canviem-montmelo-para-las-ordenanzas-fiscales-2023\/#breadcrumb"},"inLanguage":"es","potentialAction":[{"@type":"ReadAction","target":["https:\/\/www.canviemmontmelo.cat\/es\/2022\/11\/propuestas-de-canviem-montmelo-para-las-ordenanzas-fiscales-2023\/"]}]},{"@type":"ImageObject","inLanguage":"es","@id":"https:\/\/www.canviemmontmelo.cat\/es\/2022\/11\/propuestas-de-canviem-montmelo-para-las-ordenanzas-fiscales-2023\/#primaryimage","url":"https:\/\/www.canviemmontmelo.cat\/wp-content\/uploads\/2022\/11\/off_22_0-1024x1024-1.jpg","contentUrl":"https:\/\/www.canviemmontmelo.cat\/wp-content\/uploads\/2022\/11\/off_22_0-1024x1024-1.jpg","width":1024,"height":1024},{"@type":"BreadcrumbList","@id":"https:\/\/www.canviemmontmelo.cat\/es\/2022\/11\/propuestas-de-canviem-montmelo-para-las-ordenanzas-fiscales-2023\/#breadcrumb","itemListElement":[{"@type":"ListItem","position":1,"name":"Inici","item":"https:\/\/www.canviemmontmelo.cat\/es\/"},{"@type":"ListItem","position":2,"name":"Propuestas de Canviem Montmel\u00f3 para las Ordenanzas Fiscales 2023"}]},{"@type":"WebSite","@id":"https:\/\/www.canviemmontmelo.cat\/es\/#website","url":"https:\/\/www.canviemmontmelo.cat\/es\/","name":"Canviem Montmel\u00f3","description":"Som l\u2019alternativa d&#039;esquerres pel nostre poble","publisher":{"@id":"https:\/\/www.canviemmontmelo.cat\/es\/#organization"},"potentialAction":[{"@type":"SearchAction","target":{"@type":"EntryPoint","urlTemplate":"https:\/\/www.canviemmontmelo.cat\/es\/?s={search_term_string}"},"query-input":{"@type":"PropertyValueSpecification","valueRequired":true,"valueName":"search_term_string"}}],"inLanguage":"es"},{"@type":"Organization","@id":"https:\/\/www.canviemmontmelo.cat\/es\/#organization","name":"Canviem Montmel\u00f3","url":"https:\/\/www.canviemmontmelo.cat\/es\/","logo":{"@type":"ImageObject","inLanguage":"es","@id":"https:\/\/www.canviemmontmelo.cat\/es\/#\/schema\/logo\/image\/","url":"https:\/\/www.canviemmontmelo.cat\/wp-content\/uploads\/2022\/06\/logo-CMo-Blanc.png","contentUrl":"https:\/\/www.canviemmontmelo.cat\/wp-content\/uploads\/2022\/06\/logo-CMo-Blanc.png","width":307,"height":117,"caption":"Canviem Montmel\u00f3"},"image":{"@id":"https:\/\/www.canviemmontmelo.cat\/es\/#\/schema\/logo\/image\/"}},{"@type":"Person","@id":"https:\/\/www.canviemmontmelo.cat\/es\/#\/schema\/person\/848232ad9089fa4572dbb099a46b28f1","name":"Canviem Montmel\u00f3","image":{"@type":"ImageObject","inLanguage":"es","@id":"https:\/\/secure.gravatar.com\/avatar\/f4c040da101f9d74a86bbac0f2d4577041bbf4c0742b42d932f5d2b0c2bce5d2?s=96&d=mm&r=g","url":"https:\/\/secure.gravatar.com\/avatar\/f4c040da101f9d74a86bbac0f2d4577041bbf4c0742b42d932f5d2b0c2bce5d2?s=96&d=mm&r=g","contentUrl":"https:\/\/secure.gravatar.com\/avatar\/f4c040da101f9d74a86bbac0f2d4577041bbf4c0742b42d932f5d2b0c2bce5d2?s=96&d=mm&r=g","caption":"Canviem Montmel\u00f3"},"sameAs":["https:\/\/www.facebook.com\/canviemmontmelo\/","https:\/\/www.instagram.com\/canviemmontmelo\/","https:\/\/x.com\/canviemmontmelo"],"url":"https:\/\/www.canviemmontmelo.cat\/es\/author\/canviemmontmelo\/"}]}},"_links":{"self":[{"href":"https:\/\/www.canviemmontmelo.cat\/es\/wp-json\/wp\/v2\/posts\/8196","targetHints":{"allow":["GET"]}}],"collection":[{"href":"https:\/\/www.canviemmontmelo.cat\/es\/wp-json\/wp\/v2\/posts"}],"about":[{"href":"https:\/\/www.canviemmontmelo.cat\/es\/wp-json\/wp\/v2\/types\/post"}],"author":[{"embeddable":true,"href":"https:\/\/www.canviemmontmelo.cat\/es\/wp-json\/wp\/v2\/users\/2"}],"replies":[{"embeddable":true,"href":"https:\/\/www.canviemmontmelo.cat\/es\/wp-json\/wp\/v2\/comments?post=8196"}],"version-history":[{"count":1,"href":"https:\/\/www.canviemmontmelo.cat\/es\/wp-json\/wp\/v2\/posts\/8196\/revisions"}],"predecessor-version":[{"id":8197,"href":"https:\/\/www.canviemmontmelo.cat\/es\/wp-json\/wp\/v2\/posts\/8196\/revisions\/8197"}],"wp:featuredmedia":[{"embeddable":true,"href":"https:\/\/www.canviemmontmelo.cat\/es\/wp-json\/wp\/v2\/media\/7806"}],"wp:attachment":[{"href":"https:\/\/www.canviemmontmelo.cat\/es\/wp-json\/wp\/v2\/media?parent=8196"}],"wp:term":[{"taxonomy":"category","embeddable":true,"href":"https:\/\/www.canviemmontmelo.cat\/es\/wp-json\/wp\/v2\/categories?post=8196"},{"taxonomy":"post_tag","embeddable":true,"href":"https:\/\/www.canviemmontmelo.cat\/es\/wp-json\/wp\/v2\/tags?post=8196"}],"curies":[{"name":"wp","href":"https:\/\/api.w.org\/{rel}","templated":true}]}}