{"id":8198,"date":"2022-07-15T10:13:00","date_gmt":"2022-07-15T08:13:00","guid":{"rendered":"https:\/\/www.canviemmontmelo.cat\/2022\/07\/marcel-comas-cabeza-de-lista-de-canviem-montmelo-en-las-elecciones-municipales-de-mayo\/"},"modified":"2023-05-01T13:50:47","modified_gmt":"2023-05-01T11:50:47","slug":"marcel-comas-cabeza-de-lista-de-canviem-montmelo-en-las-elecciones-municipales-de-mayo","status":"publish","type":"post","link":"https:\/\/www.canviemmontmelo.cat\/es\/2022\/07\/marcel-comas-cabeza-de-lista-de-canviem-montmelo-en-las-elecciones-municipales-de-mayo\/","title":{"rendered":"Marcel Comas, cabeza de lista de Canviem Montmel\u00f3 en las elecciones municipales de mayo"},"content":{"rendered":"\n<figure class=\"wp-block-embed is-type-wp-embed is-provider-valles-visio wp-block-embed-valles-visio\"><div class=\"wp-block-embed__wrapper\">\n<blockquote class=\"wp-embedded-content\" data-secret=\"KfhGrL570C\"><a href=\"https:\/\/www.vallesvisio.cat\/marcel-comas-nou-candidat-de-canviem-montmelo\/\">Marcel Comas, nou candidat de Canviem Montmel\u00f3<\/a><\/blockquote><iframe class=\"wp-embedded-content lazyload\" sandbox=\"allow-scripts\" security=\"restricted\" style=\"position: absolute; clip: rect(1px, 1px, 1px, 1px);\" title=\"&#8220;Marcel Comas, nou candidat de Canviem Montmel\u00f3&#8221; &#8212; Vall\u00e8s Visi\u00f3\" data-src=\"https:\/\/www.vallesvisio.cat\/marcel-comas-nou-candidat-de-canviem-montmelo\/embed\/#?secret=lEEVTdPomj#?secret=KfhGrL570C\" data-secret=\"KfhGrL570C\" width=\"600\" height=\"338\" frameborder=\"0\" marginwidth=\"0\" marginheight=\"0\" scrolling=\"no\" src=\"data:image\/svg+xml;base64,PHN2ZyB3aWR0aD0iMSIgaGVpZ2h0PSIxIiB4bWxucz0iaHR0cDovL3d3dy53My5vcmcvMjAwMC9zdmciPjwvc3ZnPg==\" data-load-mode=\"1\"><\/iframe>\n<\/div><\/figure>\n\n<p>El mi\u00e9rcoles la Asamblea de Canviem Montmel\u00f3 escogi\u00f3 \u00e9ste por unanimidad (79 votos a favor) a Marcel Comas Subir\u00e0 como cabeza de lista para las pr\u00f3ximas elecciones municipales. \u00c9sta es la noticia que ha difundido Vall\u00e8s Visi\u00f3.<\/p>\n","protected":false},"excerpt":{"rendered":"<p>El mi\u00e9rcoles la Asamblea de Canviem Montmel\u00f3 escogi\u00f3 \u00e9ste por unanimidad (79 votos a favor) a Marcel Comas Subir\u00e0 como cabeza de lista para las pr\u00f3ximas elecciones municipales. \u00c9sta es la noticia que ha difundido Vall\u00e8s Visi\u00f3.<\/p>\n","protected":false},"author":2,"featured_media":7810,"comment_status":"closed","ping_status":"closed","sticky":false,"template":"","format":"standard","meta":{"footnotes":""},"categories":[251],"tags":[297,286],"class_list":["post-8198","post","type-post","status-publish","format-standard","has-post-thumbnail","hentry","category-noticias","tag-cabeza-de-lista","tag-elecciones-municipales","category-251","description-off"],"yoast_head":"<!-- This site is optimized with the Yoast SEO plugin v27.2 - https:\/\/yoast.com\/product\/yoast-seo-wordpress\/ -->\n<title>Marcel Comas, cabeza de lista de Canviem Montmel\u00f3 en las elecciones municipales de mayo - Canviem Montmel\u00f3<\/title>\n<meta name=\"robots\" content=\"index, follow, max-snippet:-1, max-image-preview:large, max-video-preview:-1\" \/>\n<link rel=\"canonical\" href=\"https:\/\/www.canviemmontmelo.cat\/es\/2022\/07\/marcel-comas-cabeza-de-lista-de-canviem-montmelo-en-las-elecciones-municipales-de-mayo\/\" \/>\n<meta property=\"og:locale\" content=\"es_ES\" \/>\n<meta property=\"og:type\" content=\"article\" \/>\n<meta property=\"og:title\" content=\"Marcel Comas, cabeza de lista de Canviem Montmel\u00f3 en las elecciones municipales de mayo - Canviem Montmel\u00f3\" \/>\n<meta property=\"og:description\" content=\"El mi\u00e9rcoles la Asamblea de Canviem Montmel\u00f3 escogi\u00f3 \u00e9ste por unanimidad (79 votos a favor) a Marcel Comas Subir\u00e0 como cabeza de lista para las pr\u00f3ximas elecciones municipales. \u00c9sta es la noticia que ha difundido Vall\u00e8s Visi\u00f3.\" \/>\n<meta property=\"og:url\" content=\"https:\/\/www.canviemmontmelo.cat\/es\/2022\/07\/marcel-comas-cabeza-de-lista-de-canviem-montmelo-en-las-elecciones-municipales-de-mayo\/\" \/>\n<meta property=\"og:site_name\" content=\"Canviem Montmel\u00f3\" \/>\n<meta property=\"article:author\" content=\"https:\/\/www.facebook.com\/canviemmontmelo\/\" \/>\n<meta property=\"article:published_time\" content=\"2022-07-15T08:13:00+00:00\" \/>\n<meta property=\"article:modified_time\" content=\"2023-05-01T11:50:47+00:00\" \/>\n<meta property=\"og:image\" content=\"https:\/\/www.canviemmontmelo.cat\/wp-content\/uploads\/2022\/11\/noticies-default.png\" \/>\n\t<meta property=\"og:image:width\" content=\"800\" \/>\n\t<meta property=\"og:image:height\" content=\"800\" \/>\n\t<meta property=\"og:image:type\" content=\"image\/png\" \/>\n<meta name=\"author\" content=\"Canviem Montmel\u00f3\" \/>\n<meta name=\"twitter:card\" content=\"summary_large_image\" \/>\n<meta name=\"twitter:creator\" content=\"@canviemmontmelo\" \/>\n<meta name=\"twitter:label1\" content=\"Escrito por\" \/>\n\t<meta name=\"twitter:data1\" content=\"Canviem Montmel\u00f3\" \/>\n<script type=\"application\/ld+json\" class=\"yoast-schema-graph\">{\"@context\":\"https:\/\/schema.org\",\"@graph\":[{\"@type\":\"Article\",\"@id\":\"https:\/\/www.canviemmontmelo.cat\/es\/2022\/07\/marcel-comas-cabeza-de-lista-de-canviem-montmelo-en-las-elecciones-municipales-de-mayo\/#article\",\"isPartOf\":{\"@id\":\"https:\/\/www.canviemmontmelo.cat\/es\/2022\/07\/marcel-comas-cabeza-de-lista-de-canviem-montmelo-en-las-elecciones-municipales-de-mayo\/\"},\"author\":{\"name\":\"Canviem Montmel\u00f3\",\"@id\":\"https:\/\/www.canviemmontmelo.cat\/es\/#\/schema\/person\/848232ad9089fa4572dbb099a46b28f1\"},\"headline\":\"Marcel Comas, cabeza de lista de Canviem Montmel\u00f3 en las elecciones municipales de mayo\",\"datePublished\":\"2022-07-15T08:13:00+00:00\",\"dateModified\":\"2023-05-01T11:50:47+00:00\",\"mainEntityOfPage\":{\"@id\":\"https:\/\/www.canviemmontmelo.cat\/es\/2022\/07\/marcel-comas-cabeza-de-lista-de-canviem-montmelo-en-las-elecciones-municipales-de-mayo\/\"},\"wordCount\":58,\"publisher\":{\"@id\":\"https:\/\/www.canviemmontmelo.cat\/es\/#organization\"},\"image\":{\"@id\":\"https:\/\/www.canviemmontmelo.cat\/es\/2022\/07\/marcel-comas-cabeza-de-lista-de-canviem-montmelo-en-las-elecciones-municipales-de-mayo\/#primaryimage\"},\"thumbnailUrl\":\"https:\/\/www.canviemmontmelo.cat\/wp-content\/uploads\/2022\/11\/noticies-default.png\",\"keywords\":[\"Cabeza de lista\",\"Elecciones municipales\"],\"articleSection\":[\"Noticias\"],\"inLanguage\":\"es\"},{\"@type\":\"WebPage\",\"@id\":\"https:\/\/www.canviemmontmelo.cat\/es\/2022\/07\/marcel-comas-cabeza-de-lista-de-canviem-montmelo-en-las-elecciones-municipales-de-mayo\/\",\"url\":\"https:\/\/www.canviemmontmelo.cat\/es\/2022\/07\/marcel-comas-cabeza-de-lista-de-canviem-montmelo-en-las-elecciones-municipales-de-mayo\/\",\"name\":\"Marcel Comas, cabeza de lista de Canviem Montmel\u00f3 en las elecciones municipales de mayo - Canviem Montmel\u00f3\",\"isPartOf\":{\"@id\":\"https:\/\/www.canviemmontmelo.cat\/es\/#website\"},\"primaryImageOfPage\":{\"@id\":\"https:\/\/www.canviemmontmelo.cat\/es\/2022\/07\/marcel-comas-cabeza-de-lista-de-canviem-montmelo-en-las-elecciones-municipales-de-mayo\/#primaryimage\"},\"image\":{\"@id\":\"https:\/\/www.canviemmontmelo.cat\/es\/2022\/07\/marcel-comas-cabeza-de-lista-de-canviem-montmelo-en-las-elecciones-municipales-de-mayo\/#primaryimage\"},\"thumbnailUrl\":\"https:\/\/www.canviemmontmelo.cat\/wp-content\/uploads\/2022\/11\/noticies-default.png\",\"datePublished\":\"2022-07-15T08:13:00+00:00\",\"dateModified\":\"2023-05-01T11:50:47+00:00\",\"breadcrumb\":{\"@id\":\"https:\/\/www.canviemmontmelo.cat\/es\/2022\/07\/marcel-comas-cabeza-de-lista-de-canviem-montmelo-en-las-elecciones-municipales-de-mayo\/#breadcrumb\"},\"inLanguage\":\"es\",\"potentialAction\":[{\"@type\":\"ReadAction\",\"target\":[\"https:\/\/www.canviemmontmelo.cat\/es\/2022\/07\/marcel-comas-cabeza-de-lista-de-canviem-montmelo-en-las-elecciones-municipales-de-mayo\/\"]}]},{\"@type\":\"ImageObject\",\"inLanguage\":\"es\",\"@id\":\"https:\/\/www.canviemmontmelo.cat\/es\/2022\/07\/marcel-comas-cabeza-de-lista-de-canviem-montmelo-en-las-elecciones-municipales-de-mayo\/#primaryimage\",\"url\":\"https:\/\/www.canviemmontmelo.cat\/wp-content\/uploads\/2022\/11\/noticies-default.png\",\"contentUrl\":\"https:\/\/www.canviemmontmelo.cat\/wp-content\/uploads\/2022\/11\/noticies-default.png\",\"width\":800,\"height\":800},{\"@type\":\"BreadcrumbList\",\"@id\":\"https:\/\/www.canviemmontmelo.cat\/es\/2022\/07\/marcel-comas-cabeza-de-lista-de-canviem-montmelo-en-las-elecciones-municipales-de-mayo\/#breadcrumb\",\"itemListElement\":[{\"@type\":\"ListItem\",\"position\":1,\"name\":\"Inici\",\"item\":\"https:\/\/www.canviemmontmelo.cat\/es\/\"},{\"@type\":\"ListItem\",\"position\":2,\"name\":\"Marcel Comas, cabeza de lista de Canviem Montmel\u00f3 en las elecciones municipales de mayo\"}]},{\"@type\":\"WebSite\",\"@id\":\"https:\/\/www.canviemmontmelo.cat\/es\/#website\",\"url\":\"https:\/\/www.canviemmontmelo.cat\/es\/\",\"name\":\"Canviem Montmel\u00f3\",\"description\":\"Som l\u2019alternativa d&#039;esquerres pel nostre poble\",\"publisher\":{\"@id\":\"https:\/\/www.canviemmontmelo.cat\/es\/#organization\"},\"potentialAction\":[{\"@type\":\"SearchAction\",\"target\":{\"@type\":\"EntryPoint\",\"urlTemplate\":\"https:\/\/www.canviemmontmelo.cat\/es\/?s={search_term_string}\"},\"query-input\":{\"@type\":\"PropertyValueSpecification\",\"valueRequired\":true,\"valueName\":\"search_term_string\"}}],\"inLanguage\":\"es\"},{\"@type\":\"Organization\",\"@id\":\"https:\/\/www.canviemmontmelo.cat\/es\/#organization\",\"name\":\"Canviem Montmel\u00f3\",\"url\":\"https:\/\/www.canviemmontmelo.cat\/es\/\",\"logo\":{\"@type\":\"ImageObject\",\"inLanguage\":\"es\",\"@id\":\"https:\/\/www.canviemmontmelo.cat\/es\/#\/schema\/logo\/image\/\",\"url\":\"https:\/\/www.canviemmontmelo.cat\/wp-content\/uploads\/2022\/06\/logo-CMo-Blanc.png\",\"contentUrl\":\"https:\/\/www.canviemmontmelo.cat\/wp-content\/uploads\/2022\/06\/logo-CMo-Blanc.png\",\"width\":307,\"height\":117,\"caption\":\"Canviem Montmel\u00f3\"},\"image\":{\"@id\":\"https:\/\/www.canviemmontmelo.cat\/es\/#\/schema\/logo\/image\/\"}},{\"@type\":\"Person\",\"@id\":\"https:\/\/www.canviemmontmelo.cat\/es\/#\/schema\/person\/848232ad9089fa4572dbb099a46b28f1\",\"name\":\"Canviem Montmel\u00f3\",\"image\":{\"@type\":\"ImageObject\",\"inLanguage\":\"es\",\"@id\":\"https:\/\/secure.gravatar.com\/avatar\/f4c040da101f9d74a86bbac0f2d4577041bbf4c0742b42d932f5d2b0c2bce5d2?s=96&d=mm&r=g\",\"url\":\"https:\/\/secure.gravatar.com\/avatar\/f4c040da101f9d74a86bbac0f2d4577041bbf4c0742b42d932f5d2b0c2bce5d2?s=96&d=mm&r=g\",\"contentUrl\":\"https:\/\/secure.gravatar.com\/avatar\/f4c040da101f9d74a86bbac0f2d4577041bbf4c0742b42d932f5d2b0c2bce5d2?s=96&d=mm&r=g\",\"caption\":\"Canviem Montmel\u00f3\"},\"sameAs\":[\"https:\/\/www.facebook.com\/canviemmontmelo\/\",\"https:\/\/www.instagram.com\/canviemmontmelo\/\",\"https:\/\/x.com\/canviemmontmelo\"],\"url\":\"https:\/\/www.canviemmontmelo.cat\/es\/author\/canviemmontmelo\/\"}]}<\/script>\n<!-- \/ Yoast SEO plugin. -->","yoast_head_json":{"title":"Marcel Comas, cabeza de lista de Canviem Montmel\u00f3 en las elecciones municipales de mayo - Canviem Montmel\u00f3","robots":{"index":"index","follow":"follow","max-snippet":"max-snippet:-1","max-image-preview":"max-image-preview:large","max-video-preview":"max-video-preview:-1"},"canonical":"https:\/\/www.canviemmontmelo.cat\/es\/2022\/07\/marcel-comas-cabeza-de-lista-de-canviem-montmelo-en-las-elecciones-municipales-de-mayo\/","og_locale":"es_ES","og_type":"article","og_title":"Marcel Comas, cabeza de lista de Canviem Montmel\u00f3 en las elecciones municipales de mayo - Canviem Montmel\u00f3","og_description":"El mi\u00e9rcoles la Asamblea de Canviem Montmel\u00f3 escogi\u00f3 \u00e9ste por unanimidad (79 votos a favor) a Marcel Comas Subir\u00e0 como cabeza de lista para las pr\u00f3ximas elecciones municipales. \u00c9sta es la noticia que ha difundido Vall\u00e8s Visi\u00f3.","og_url":"https:\/\/www.canviemmontmelo.cat\/es\/2022\/07\/marcel-comas-cabeza-de-lista-de-canviem-montmelo-en-las-elecciones-municipales-de-mayo\/","og_site_name":"Canviem Montmel\u00f3","article_author":"https:\/\/www.facebook.com\/canviemmontmelo\/","article_published_time":"2022-07-15T08:13:00+00:00","article_modified_time":"2023-05-01T11:50:47+00:00","og_image":[{"width":800,"height":800,"url":"https:\/\/www.canviemmontmelo.cat\/wp-content\/uploads\/2022\/11\/noticies-default.png","type":"image\/png"}],"author":"Canviem Montmel\u00f3","twitter_card":"summary_large_image","twitter_creator":"@canviemmontmelo","twitter_misc":{"Escrito por":"Canviem Montmel\u00f3"},"schema":{"@context":"https:\/\/schema.org","@graph":[{"@type":"Article","@id":"https:\/\/www.canviemmontmelo.cat\/es\/2022\/07\/marcel-comas-cabeza-de-lista-de-canviem-montmelo-en-las-elecciones-municipales-de-mayo\/#article","isPartOf":{"@id":"https:\/\/www.canviemmontmelo.cat\/es\/2022\/07\/marcel-comas-cabeza-de-lista-de-canviem-montmelo-en-las-elecciones-municipales-de-mayo\/"},"author":{"name":"Canviem Montmel\u00f3","@id":"https:\/\/www.canviemmontmelo.cat\/es\/#\/schema\/person\/848232ad9089fa4572dbb099a46b28f1"},"headline":"Marcel Comas, cabeza de lista de Canviem Montmel\u00f3 en las elecciones municipales de mayo","datePublished":"2022-07-15T08:13:00+00:00","dateModified":"2023-05-01T11:50:47+00:00","mainEntityOfPage":{"@id":"https:\/\/www.canviemmontmelo.cat\/es\/2022\/07\/marcel-comas-cabeza-de-lista-de-canviem-montmelo-en-las-elecciones-municipales-de-mayo\/"},"wordCount":58,"publisher":{"@id":"https:\/\/www.canviemmontmelo.cat\/es\/#organization"},"image":{"@id":"https:\/\/www.canviemmontmelo.cat\/es\/2022\/07\/marcel-comas-cabeza-de-lista-de-canviem-montmelo-en-las-elecciones-municipales-de-mayo\/#primaryimage"},"thumbnailUrl":"https:\/\/www.canviemmontmelo.cat\/wp-content\/uploads\/2022\/11\/noticies-default.png","keywords":["Cabeza de lista","Elecciones municipales"],"articleSection":["Noticias"],"inLanguage":"es"},{"@type":"WebPage","@id":"https:\/\/www.canviemmontmelo.cat\/es\/2022\/07\/marcel-comas-cabeza-de-lista-de-canviem-montmelo-en-las-elecciones-municipales-de-mayo\/","url":"https:\/\/www.canviemmontmelo.cat\/es\/2022\/07\/marcel-comas-cabeza-de-lista-de-canviem-montmelo-en-las-elecciones-municipales-de-mayo\/","name":"Marcel Comas, cabeza de lista de Canviem Montmel\u00f3 en las elecciones municipales de mayo - Canviem Montmel\u00f3","isPartOf":{"@id":"https:\/\/www.canviemmontmelo.cat\/es\/#website"},"primaryImageOfPage":{"@id":"https:\/\/www.canviemmontmelo.cat\/es\/2022\/07\/marcel-comas-cabeza-de-lista-de-canviem-montmelo-en-las-elecciones-municipales-de-mayo\/#primaryimage"},"image":{"@id":"https:\/\/www.canviemmontmelo.cat\/es\/2022\/07\/marcel-comas-cabeza-de-lista-de-canviem-montmelo-en-las-elecciones-municipales-de-mayo\/#primaryimage"},"thumbnailUrl":"https:\/\/www.canviemmontmelo.cat\/wp-content\/uploads\/2022\/11\/noticies-default.png","datePublished":"2022-07-15T08:13:00+00:00","dateModified":"2023-05-01T11:50:47+00:00","breadcrumb":{"@id":"https:\/\/www.canviemmontmelo.cat\/es\/2022\/07\/marcel-comas-cabeza-de-lista-de-canviem-montmelo-en-las-elecciones-municipales-de-mayo\/#breadcrumb"},"inLanguage":"es","potentialAction":[{"@type":"ReadAction","target":["https:\/\/www.canviemmontmelo.cat\/es\/2022\/07\/marcel-comas-cabeza-de-lista-de-canviem-montmelo-en-las-elecciones-municipales-de-mayo\/"]}]},{"@type":"ImageObject","inLanguage":"es","@id":"https:\/\/www.canviemmontmelo.cat\/es\/2022\/07\/marcel-comas-cabeza-de-lista-de-canviem-montmelo-en-las-elecciones-municipales-de-mayo\/#primaryimage","url":"https:\/\/www.canviemmontmelo.cat\/wp-content\/uploads\/2022\/11\/noticies-default.png","contentUrl":"https:\/\/www.canviemmontmelo.cat\/wp-content\/uploads\/2022\/11\/noticies-default.png","width":800,"height":800},{"@type":"BreadcrumbList","@id":"https:\/\/www.canviemmontmelo.cat\/es\/2022\/07\/marcel-comas-cabeza-de-lista-de-canviem-montmelo-en-las-elecciones-municipales-de-mayo\/#breadcrumb","itemListElement":[{"@type":"ListItem","position":1,"name":"Inici","item":"https:\/\/www.canviemmontmelo.cat\/es\/"},{"@type":"ListItem","position":2,"name":"Marcel Comas, cabeza de lista de Canviem Montmel\u00f3 en las elecciones municipales de mayo"}]},{"@type":"WebSite","@id":"https:\/\/www.canviemmontmelo.cat\/es\/#website","url":"https:\/\/www.canviemmontmelo.cat\/es\/","name":"Canviem Montmel\u00f3","description":"Som l\u2019alternativa d&#039;esquerres pel nostre poble","publisher":{"@id":"https:\/\/www.canviemmontmelo.cat\/es\/#organization"},"potentialAction":[{"@type":"SearchAction","target":{"@type":"EntryPoint","urlTemplate":"https:\/\/www.canviemmontmelo.cat\/es\/?s={search_term_string}"},"query-input":{"@type":"PropertyValueSpecification","valueRequired":true,"valueName":"search_term_string"}}],"inLanguage":"es"},{"@type":"Organization","@id":"https:\/\/www.canviemmontmelo.cat\/es\/#organization","name":"Canviem Montmel\u00f3","url":"https:\/\/www.canviemmontmelo.cat\/es\/","logo":{"@type":"ImageObject","inLanguage":"es","@id":"https:\/\/www.canviemmontmelo.cat\/es\/#\/schema\/logo\/image\/","url":"https:\/\/www.canviemmontmelo.cat\/wp-content\/uploads\/2022\/06\/logo-CMo-Blanc.png","contentUrl":"https:\/\/www.canviemmontmelo.cat\/wp-content\/uploads\/2022\/06\/logo-CMo-Blanc.png","width":307,"height":117,"caption":"Canviem Montmel\u00f3"},"image":{"@id":"https:\/\/www.canviemmontmelo.cat\/es\/#\/schema\/logo\/image\/"}},{"@type":"Person","@id":"https:\/\/www.canviemmontmelo.cat\/es\/#\/schema\/person\/848232ad9089fa4572dbb099a46b28f1","name":"Canviem Montmel\u00f3","image":{"@type":"ImageObject","inLanguage":"es","@id":"https:\/\/secure.gravatar.com\/avatar\/f4c040da101f9d74a86bbac0f2d4577041bbf4c0742b42d932f5d2b0c2bce5d2?s=96&d=mm&r=g","url":"https:\/\/secure.gravatar.com\/avatar\/f4c040da101f9d74a86bbac0f2d4577041bbf4c0742b42d932f5d2b0c2bce5d2?s=96&d=mm&r=g","contentUrl":"https:\/\/secure.gravatar.com\/avatar\/f4c040da101f9d74a86bbac0f2d4577041bbf4c0742b42d932f5d2b0c2bce5d2?s=96&d=mm&r=g","caption":"Canviem Montmel\u00f3"},"sameAs":["https:\/\/www.facebook.com\/canviemmontmelo\/","https:\/\/www.instagram.com\/canviemmontmelo\/","https:\/\/x.com\/canviemmontmelo"],"url":"https:\/\/www.canviemmontmelo.cat\/es\/author\/canviemmontmelo\/"}]}},"_links":{"self":[{"href":"https:\/\/www.canviemmontmelo.cat\/es\/wp-json\/wp\/v2\/posts\/8198","targetHints":{"allow":["GET"]}}],"collection":[{"href":"https:\/\/www.canviemmontmelo.cat\/es\/wp-json\/wp\/v2\/posts"}],"about":[{"href":"https:\/\/www.canviemmontmelo.cat\/es\/wp-json\/wp\/v2\/types\/post"}],"author":[{"embeddable":true,"href":"https:\/\/www.canviemmontmelo.cat\/es\/wp-json\/wp\/v2\/users\/2"}],"replies":[{"embeddable":true,"href":"https:\/\/www.canviemmontmelo.cat\/es\/wp-json\/wp\/v2\/comments?post=8198"}],"version-history":[{"count":1,"href":"https:\/\/www.canviemmontmelo.cat\/es\/wp-json\/wp\/v2\/posts\/8198\/revisions"}],"predecessor-version":[{"id":8199,"href":"https:\/\/www.canviemmontmelo.cat\/es\/wp-json\/wp\/v2\/posts\/8198\/revisions\/8199"}],"wp:featuredmedia":[{"embeddable":true,"href":"https:\/\/www.canviemmontmelo.cat\/es\/wp-json\/wp\/v2\/media\/7810"}],"wp:attachment":[{"href":"https:\/\/www.canviemmontmelo.cat\/es\/wp-json\/wp\/v2\/media?parent=8198"}],"wp:term":[{"taxonomy":"category","embeddable":true,"href":"https:\/\/www.canviemmontmelo.cat\/es\/wp-json\/wp\/v2\/categories?post=8198"},{"taxonomy":"post_tag","embeddable":true,"href":"https:\/\/www.canviemmontmelo.cat\/es\/wp-json\/wp\/v2\/tags?post=8198"}],"curies":[{"name":"wp","href":"https:\/\/api.w.org\/{rel}","templated":true}]}}